{"id":3831,"date":"2025-09-17T18:51:57","date_gmt":"2025-09-17T15:51:57","guid":{"rendered":"https:\/\/www.pauteknokent.com.tr\/?p=3831"},"modified":"2026-03-14T13:27:07","modified_gmt":"2026-03-14T10:27:07","slug":"pamukkale-teknokent-olarak-teknofest-2025","status":"publish","type":"post","link":"https:\/\/www.pauteknokent.com.tr\/en\/news\/pamukkale-teknokent-olarak-teknofest-2025","title":{"rendered":"Pamukkale Teknokent, TEKNOFEST 2025\u2019te \u0130novasyon R\u00fczgar\u0131 Estiriyor!"},"content":{"rendered":"<header>\n<div id=\"menu-items\">\n<p data-path-to-node=\"3\">D\u00fcnyan\u0131n en b\u00fcy\u00fck havac\u0131l\u0131k, uzay ve teknoloji festivali olan <b data-path-to-node=\"3\" data-index-in-node=\"62\">TEKNOFEST<\/b>, bu y\u0131l 13. kez kap\u0131lar\u0131n\u0131 \u0130stanbul Atat\u00fcrk Havaliman\u0131\u2019nda a\u00e7t\u0131. T3 Vakf\u0131 ile Sanayi ve Teknoloji Bakanl\u0131\u011f\u0131 \u00f6nc\u00fcl\u00fc\u011f\u00fcnde d\u00fczenlenen festivalde, <b data-path-to-node=\"3\" data-index-in-node=\"215\">Pamukkale Technopark<\/b> inovatif projeleri ve g\u00fc\u00e7l\u00fc giri\u015fimcilik ekosistemiyle dikkatleri \u00fczerine \u00e7ekiyor.<\/p>\n<h3 data-path-to-node=\"4\">Stand\u0131n Onur Konu\u011fu: S\u00fcmeyye Erdo\u011fan Bayraktar<\/h3>\n<p data-path-to-node=\"5\">Festivalin en anlaml\u0131 anlar\u0131ndan biri, <b data-path-to-node=\"5\" data-index-in-node=\"73\">S\u00fcmeyye Erdo\u011fan Bayraktar<\/b>\u2019\u0131n Pamukkale Teknokent stand\u0131n\u0131 ziyareti oldu. Giri\u015fimci firmalar ve teknokent ekibiyle bir araya gelen Bayraktar, y\u00fcr\u00fct\u00fclen projeler hakk\u0131nda detayl\u0131 bilgi ald\u0131. Ziyaret, giri\u015fimcilik ekosisteminin g\u00fcc\u00fcn\u00fc yans\u0131tan bir hat\u0131ra foto\u011fraf\u0131yla \u00f6l\u00fcms\u00fczle\u015ftirildi.<\/p>\n<h3 data-path-to-node=\"6\">Teknoloji D\u00fcnyas\u0131ndan \u00dcst D\u00fczey Ziyaretler<\/h3>\n<p data-path-to-node=\"7\">Pamukkale Teknokent stand\u0131, teknoloji d\u00fcnyas\u0131n\u0131n \u00f6nemli isimlerini de a\u011f\u0131rlamaya devam ediyor. <b data-path-to-node=\"7\" data-index-in-node=\"95\">Pamukkale \u00dcniversitesi Rekt\u00f6r\u00fc Prof. Dr. Mahmud G\u00fcng\u00f6r<\/b> ve <b data-path-to-node=\"7\" data-index-in-node=\"153\">Pamukkale Teknokent Genel M\u00fcd\u00fcr\u00fc Prof. Dr. \u0130brahim Aksel<\/b>, \u00fcniversite stand\u0131nda \u00e7ok de\u011ferli isimleri misafir etti:<\/p>\n<ul data-path-to-node=\"8\">\n<li>\n<p data-path-to-node=\"8,0,0\"><b data-path-to-node=\"8,0,0\" data-index-in-node=\"0\">Prof. Dr. Mahmut Faruk Ak\u015fit<\/b> (TEI Genel M\u00fcd\u00fcr\u00fc)<\/p>\n<\/li>\n<li>\n<p data-path-to-node=\"8,1,0\"><b data-path-to-node=\"8,1,0\" data-index-in-node=\"0\">Prof. Dr. Ali Cengiz K\u00f6seo\u011flu<\/b> (Ankara Y\u0131ld\u0131r\u0131m Beyaz\u0131t \u00dcniversitesi Rekt\u00f6r\u00fc)<\/p>\n<\/li>\n<\/ul>\n<p data-path-to-node=\"9\">G\u00f6r\u00fc\u015fme s\u0131ras\u0131nda TEKNOFEST\u2019in T\u00fcrkiye\u2019nin teknoloji hamlesindeki kritik rol\u00fc vurgulan\u0131rken, kurumlar aras\u0131 i\u015f birli\u011fi f\u0131rsatlar\u0131 \u00fczerine kapsaml\u0131 de\u011ferlendirmelerde bulunuldu.<\/p>\n<h3 data-path-to-node=\"10\">Gelece\u011fin Teknolojileri S-04 Numaral\u0131 Standda!<\/h3>\n<p data-path-to-node=\"11\"><b data-path-to-node=\"11\" data-index-in-node=\"0\">17-21 Eyl\u00fcl<\/b> tarihleri aras\u0131nda Atat\u00fcrk Havaliman\u0131\u2019nda devam edecek olan festivalde, Pamukkale Teknokent t\u00fcm teknoloji merakl\u0131lar\u0131n\u0131 <b data-path-to-node=\"11\" data-index-in-node=\"132\">S-04<\/b> numaral\u0131 stand\u0131na bekliyor. \u0130novasyonu, yerli teknolojiyi ve giri\u015fimcilik ruhunu daha ileriye ta\u015f\u0131mak i\u00e7in siz de bu heyecana ortak olun!<\/p>\n<\/div>\n<\/header>","protected":false},"excerpt":{"rendered":"<p>D\u00fcnyan\u0131n en b\u00fcy\u00fck havac\u0131l\u0131k, uzay ve teknoloji festivali olan TEKNOFEST, bu y\u0131l 13. kez kap\u0131lar\u0131n\u0131 \u0130stanbul Atat\u00fcrk Havaliman\u0131\u2019nda a\u00e7t\u0131. T3 Vakf\u0131 ile Sanayi ve Teknoloji Bakanl\u0131\u011f\u0131 \u00f6nc\u00fcl\u00fc\u011f\u00fcnde d\u00fczenlenen festivalde, Pamukkale [&hellip;]<\/p>\n","protected":false},"author":1,"featured_media":3832,"comment_status":"closed","ping_status":"closed","sticky":false,"template":"","format":"standard","meta":{"_acf_changed":false,"_price":"","_stock":"","_tribe_ticket_header":"","_tribe_default_ticket_provider":"","_tribe_ticket_capacity":"","_ticket_start_date":"","_ticket_end_date":"","_tribe_ticket_show_description":"","_tribe_ticket_show_not_going":false,"_tribe_ticket_use_global_stock":"","_tribe_ticket_global_stock_level":"","_global_stock_mode":"","_global_stock_cap":"","_tribe_rsvp_for_event":"","_tribe_ticket_going_count":"","_tribe_ticket_not_going_count":"","_tribe_tickets_list":"[]","_tribe_ticket_has_attendee_info_fields":false,"footnotes":""},"categories":[1],"tags":[],"class_list":["post-3831","post","type-post","status-publish","format-standard","has-post-thumbnail","hentry","category-haberler"],"acf":[],"_links":{"self":[{"href":"https:\/\/www.pauteknokent.com.tr\/en\/wp-json\/wp\/v2\/posts\/3831","targetHints":{"allow":["GET"]}}],"collection":[{"href":"https:\/\/www.pauteknokent.com.tr\/en\/wp-json\/wp\/v2\/posts"}],"about":[{"href":"https:\/\/www.pauteknokent.com.tr\/en\/wp-json\/wp\/v2\/types\/post"}],"author":[{"embeddable":true,"href":"https:\/\/www.pauteknokent.com.tr\/en\/wp-json\/wp\/v2\/users\/1"}],"replies":[{"embeddable":true,"href":"https:\/\/www.pauteknokent.com.tr\/en\/wp-json\/wp\/v2\/comments?post=3831"}],"version-history":[{"count":3,"href":"https:\/\/www.pauteknokent.com.tr\/en\/wp-json\/wp\/v2\/posts\/3831\/revisions"}],"predecessor-version":[{"id":3839,"href":"https:\/\/www.pauteknokent.com.tr\/en\/wp-json\/wp\/v2\/posts\/3831\/revisions\/3839"}],"wp:featuredmedia":[{"embeddable":true,"href":"https:\/\/www.pauteknokent.com.tr\/en\/wp-json\/wp\/v2\/media\/3832"}],"wp:attachment":[{"href":"https:\/\/www.pauteknokent.com.tr\/en\/wp-json\/wp\/v2\/media?parent=3831"}],"wp:term":[{"taxonomy":"category","embeddable":true,"href":"https:\/\/www.pauteknokent.com.tr\/en\/wp-json\/wp\/v2\/categories?post=3831"},{"taxonomy":"post_tag","embeddable":true,"href":"https:\/\/www.pauteknokent.com.tr\/en\/wp-json\/wp\/v2\/tags?post=3831"}],"curies":[{"name":"wp","href":"https:\/\/api.w.org\/{rel}","templated":true}]}}